{"id":105294,"date":"2018-10-24T13:53:01","date_gmt":"2018-10-24T13:53:01","guid":{"rendered":"https:\/\/\/stmicro-en-croissance-de-18-au-t3-2018\/"},"modified":"2018-10-24T13:53:01","modified_gmt":"2018-10-24T13:53:01","slug":"stmicro-en-croissance-de-18-au-t3-2018","status":"publish","type":"post","link":"https:\/\/www.ecinews.fr\/fr\/stmicro-en-croissance-de-18-au-t3-2018\/","title":{"rendered":"STMicro en croissance de 18% au T3 \/ 2018"},"content":{"rendered":"<p><span id=\"result_box\" lang=\"fr\"><span title=\"ST reported 3Q18 revenues of $2.52 billion, up 18.1 percent compared with the same quarter a year before, and net income of $369 million, up 56.7 percent year on year.\n\n\">STMicro a rapport\u00e9 des revenus de 2,52 milliards USD pour le 3T18, en hausse de 18,1% par rapport au m\u00eame trimestre de l&rsquo;ann\u00e9e pr\u00e9c\u00e9dente, et un r\u00e9sultat net de 369 millions USD, en hausse de 56,7%.<\/span><\/span><\/p>\n<p><span id=\"result_box\" lang=\"fr\"><span title=\"In a statement Jean-Marc Chery, STMicroelectronics CEO, attributed the overall increase to strong growth in sales of imaging, power discrete and automotive components and said that the fourth quarter revenue was expected grow 5.7 sequentially.\">Dans un communiqu\u00e9, Jean-Marc Chery, PDG de STMicroelectronics, a attribu\u00e9 cette hausse \u00e0 une forte croissance des ventes de composants d&rsquo;imagerie, de composants discr\u00e8ts&nbsp;d&rsquo;alimentation<\/span><\/span><span lang=\"fr\"><span title=\"In a statement Jean-Marc Chery, STMicroelectronics CEO, attributed the overall increase to strong growth in sales of imaging, power discrete and automotive components and said that the fourth quarter revenue was expected grow 5.7 sequentially.\"> et de composants automobiles, et a indiqu\u00e9 que le chiffre d&rsquo;affaires du quatri\u00e8me trimestre \u00e9tait attendu en hausse de 5,7% par rapport au troisi\u00e8me trimestre. <\/span><span title=\"&quot;Based on our fourth quarter guidance, we anticipate 2018 revenues to grow about 16 percent year-over-year, in line with our expectations shared in May at our Capital Markets Day,&quot; he said in the statement.\n\n\">\u00ab\u00a0Selon nos pr\u00e9visions pour le quatri\u00e8me trimestre, nous anticipons une croissance des revenus d&rsquo;environ 16% sur 2018 par rapport \u00e0 l&rsquo;ann\u00e9e pr\u00e9c\u00e9dente, conform\u00e9ment aux attentes que nous avions partag\u00e9es en mai lors de notre Journ\u00e9e des march\u00e9s financiers\u00a0\u00bb, a-t-il d\u00e9clar\u00e9.<\/span><\/span><\/p>\n<p><span id=\"result_box\" lang=\"fr\"><span title=\"The Analog, MEMS and Sensors (AMS) business unit had 3Q18 revenue of $899 million, up 36.7 percent compared with the same quarter a year before, and up 46.6 percent on a sequential basis.\">La division Analog, MEMS and Sensors (AMS) a r\u00e9alis\u00e9 un chiffre d\u2019affaires de 899 millions de dollars au 3T18, en hausse de 36,7% par rapport au m\u00eame trimestre de l\u2019ann\u00e9e pr\u00e9c\u00e9dente et de 46,6% sur le trimestre pr\u00e9c\u00e9dent. <\/span><span title=\"ST stated that imaging component revenue grew triple-digits supported by strong sales in both analog and MEMS.\">ST a d\u00e9clar\u00e9 que le chiffre d&rsquo;affaires des composants d&rsquo;imagerie avait progress\u00e9 \u00e0 trois chiffres, soutenu par de fortes ventes \u00e0 la fois en analogique et en MEMS. <\/span><span title=\"This imaging sales are thought to be partly into smartphones and related to facial recognition systems.\n\n\">Ces ventes de composants d\u2019imagerie seraient en partie li\u00e9es aux smartphones et li\u00e9es aux syst\u00e8mes de reconnaissance faciale.<\/span><\/span><\/p>\n<p><span id=\"result_box\" lang=\"fr\"><span title=\"The Automotive and Discrete Group (ADG) revenue was $901 million, up 16.3 percent on an annual basis and sales of microcontrollers and digital ICs were $719 million, up by 2.5 percent on the same basis.\">Le chiffre d&rsquo;affaires du groupe Automotive and Discrete Group (ADG) s&rsquo;est \u00e9tabli \u00e0 901 millions de dollars, en hausse de 16,3% sur une base annuelle. Les ventes de microcontr\u00f4leurs et de circuits int\u00e9gr\u00e9s num\u00e9riques ont atteint 719 millions de dollars, soit une hausse de 2,5% sur la m\u00eame base.<\/span><\/span><\/p>\n<p><span id=\"result_box\" lang=\"fr\"><span title=\"ST\u2019s net financial position was $447 million at September 29, 2018 compared to $411 million at June 30, 2018 and reflected total financial resources of $2.17 billion and total financial debt of $1.72 billion.\">La situation financi\u00e8re nette de ST s&rsquo;\u00e9levait \u00e0 447 millions de dollars au 29 septembre 2018, comparativement \u00e0 411 millions de dollars au 30 juin 2018, et refl\u00e9tait des ressources financi\u00e8res totales de 2,17 milliards de dollars et une dette financi\u00e8re totale de 1,72 milliard de dollars.<\/span><\/span><\/p>\n<p><strong>\u00e0 lire \u00e9galement:<\/strong><\/p>\n<p><a href=\"http:\/\/www.electronique-eci.com\/news\/stmicro-augmente-ses-parts-de-marche-dans-les-capteurs-dimage\"><strong>STMicro augmente ses parts de march\u00e9 dans les capteurs d&rsquo;image<\/strong><\/a><\/p>\n<p><a href=\"http:\/\/www.electronique-eci.com\/news\/chery-ceo-de-st-plein-dambitions-pour-leurope\"><strong>Chery, CEO de ST plein d&rsquo;ambitions pour l&rsquo;Europe<\/strong><\/a><\/p>\n<p><a href=\"http:\/\/www.electronique-eci.com\/news\/le-conseil-de-bozotti-chery-arriver-vite-12-milliards\">Le conseil de Bozotti \u00e0 Chery: arriver vite \u00e0 $12 milliards!<\/a><\/p>\n<p><a href=\"http:\/\/www.electronique-eci.com\/news\/stmicro-en-pleine-forme\">STMicro en pleine forme<\/a><\/p>\n<p><a href=\"http:\/\/www.st.com\/\">www.st.com<\/a><\/p>\n<p><strong>News articles in English: <\/strong><\/p>\n<p><a href=\"http:\/\/www.eenewsanalog.com\/news\/st-reports-steady-growth-set-continue\">ST reports steady growth set to continue<\/a><\/p>\n<p><a href=\"http:\/\/www.eenewsanalog.com\/news\/sts-ceo-speaks-shame-european-failure\">ST&rsquo;s CEO speaks of shame at European failure<\/a><\/p>\n<p><a href=\"http:\/\/www.eenewsanalog.com\/news\/stmicroelectronics-gets-new-ceo-boasts-nearly-20-revenues-growth-2017\">STMicroelectronics gets a new CEO, boasts nearly 20% revenues growth in 2017 <\/a><\/p>\n<p><a href=\"http:\/\/www.eenewsanalog.com\/news\/exit-interview-carlo-bozotti-stmicroelectronics\">&lsquo;Exit interview&rsquo; with Carlo Bozotti of STMicroelectronics <\/a><\/p>\n<p><a href=\"http:\/\/www.eenewsanalog.com\/news\/sts-bozotti-chery-get-12-billion-quickly\">ST&rsquo;s Bozotti to Chery: Get to $12 billion quickly <\/a><\/p>\n","protected":false},"excerpt":{"rendered":"<p>Au troisi\u00e8me trimestre 2018, STMicroelectronics NV (Gen\u00e8ve, Suisse) a vu son chiffre d\u2019affaires et de son b\u00e9n\u00e9fice augmenter avec une croissance \u00e0 deux chiffres de , sous l\u2019effet principalement de la hausse des ventes de la division Analog, MEMS et capteurs (AMS) de la soci\u00e9t\u00e9.<\/p>\n","protected":false},"author":22,"featured_media":105295,"comment_status":"closed","ping_status":"closed","sticky":false,"template":"","format":"standard","meta":{"_acf_changed":false,"footnotes":""},"categories":[880],"tags":[889,920,895,898,919,906,907,908,916,910,914,915],"domains":[47],"ppma_author":[1149],"class_list":["post-105294","post","type-post","status-publish","format-standard","has-post-thumbnail","hentry","category-actualites-economiques","tag-analog-fr","tag-artificialintelligence-fr","tag-developmentkits-fr","tag-distributors-fr","tag-iot-fr","tag-mpus-mcus-fr","tag-optoelectronics-fr","tag-plds-fpgas-asics-fr","tag-rf-transmission-fr","tag-sensing-conditioning-fr","tag-wearables-fr","tag-wireless-communications-fr","domains-electronique-eci"],"acf":[],"yoast_head":"<title>STMicro en croissance de 18% au T3 \/ 2018 ...<\/title>\n<meta name=\"description\" content=\"Au troisi\u00e8me trimestre 2018, STMicroelectronics NV (Gen\u00e8ve, Suisse) a vu son chiffre d\u2019affaires et de son b\u00e9n\u00e9fice augmenter avec une croissance \u00e0...\" \/>\n<meta name=\"robots\" content=\"index, follow, max-snippet:-1, max-image-preview:large, max-video-preview:-1\" \/>\n<link rel=\"canonical\" href=\"https:\/\/www.ecinews.fr\/fr\/wp-json\/wp\/v2\/posts\/105294\/\" \/>\n<meta property=\"og:locale\" content=\"fr_FR\" \/>\n<meta property=\"og:type\" content=\"article\" \/>\n<meta property=\"og:title\" content=\"STMicro en croissance de 18% au T3 \/ 2018\" \/>\n<meta property=\"og:description\" content=\"Au troisi\u00e8me trimestre 2018, STMicroelectronics NV (Gen\u00e8ve, Suisse) a vu son chiffre d\u2019affaires et de son b\u00e9n\u00e9fice augmenter avec une croissance \u00e0 deux chiffres de , sous l\u2019effet principalement de la hausse des ventes de la division Analog, MEMS et capteurs (AMS) de la soci\u00e9t\u00e9.\" \/>\n<meta property=\"og:url\" content=\"https:\/\/www.ecinews.fr\/fr\/wp-json\/wp\/v2\/posts\/105294\/\" \/>\n<meta property=\"og:site_name\" content=\"EENewsEurope\" \/>\n<meta property=\"article:published_time\" content=\"2018-10-24T13:53:01+00:00\" \/>\n<meta property=\"og:image\" content=\"https:\/\/www.ecinews.fr\/wp-content\/uploads\/import\/default\/files\/sites\/default\/files\/images\/analog630.jpg\" \/>\n\t<meta property=\"og:image:width\" content=\"630\" \/>\n\t<meta property=\"og:image:height\" content=\"360\" \/>\n\t<meta property=\"og:image:type\" content=\"image\/jpeg\" \/>\n<meta name=\"author\" content=\"eeNews Europe\" \/>\n<meta name=\"twitter:card\" content=\"summary_large_image\" \/>\n<meta name=\"twitter:label1\" content=\"Written by\" \/>\n\t<meta name=\"twitter:data1\" content=\"eeNews Europe\" \/>\n\t<meta name=\"twitter:label2\" content=\"Est. reading time\" \/>\n\t<meta name=\"twitter:data2\" content=\"2 minutes\" \/>\n<script type=\"application\/ld+json\" class=\"yoast-schema-graph\">{\"@context\":\"https:\/\/schema.org\",\"@graph\":[{\"@type\":\"Article\",\"@id\":\"https:\/\/www.ecinews.fr\/fr\/stmicro-en-croissance-de-18-au-t3-2018\/#article\",\"isPartOf\":{\"@id\":\"https:\/\/www.ecinews.fr\/fr\/stmicro-en-croissance-de-18-au-t3-2018\/\"},\"author\":{\"name\":\"eeNews Europe\",\"@id\":\"https:\/\/www.eenewseurope.com\/en\/#\/schema\/person\/9eff4051fa9dac8230052de45e32b0f4\"},\"headline\":\"STMicro en croissance de 18% au T3 \/ 2018\",\"datePublished\":\"2018-10-24T13:53:01+00:00\",\"dateModified\":\"2018-10-24T13:53:01+00:00\",\"mainEntityOfPage\":{\"@id\":\"https:\/\/www.ecinews.fr\/fr\/stmicro-en-croissance-de-18-au-t3-2018\/\"},\"wordCount\":420,\"publisher\":{\"@id\":\"https:\/\/www.eenewseurope.com\/en\/#organization\"},\"keywords\":[\"Analog\",\"ArtificialIntelligence\",\"DevelopmentKits\",\"Distributors\",\"IoT\",\"MPUs\/MCUs\",\"Optoelectronics\",\"PLDs\/FPGAs\/ASICs\",\"RF transmission\",\"Sensing \/ Conditioning\",\"Wearables\",\"Wireless Communications\"],\"articleSection\":[\"Actualit\u00e9s \u00e9conomiques\"],\"inLanguage\":\"fr-FR\"},{\"@type\":\"WebPage\",\"@id\":\"https:\/\/www.ecinews.fr\/fr\/stmicro-en-croissance-de-18-au-t3-2018\/\",\"url\":\"https:\/\/www.ecinews.fr\/fr\/stmicro-en-croissance-de-18-au-t3-2018\/\",\"name\":\"STMicro en croissance de 18% au T3 \/ 2018 -\",\"isPartOf\":{\"@id\":\"https:\/\/www.eenewseurope.com\/en\/#website\"},\"datePublished\":\"2018-10-24T13:53:01+00:00\",\"dateModified\":\"2018-10-24T13:53:01+00:00\",\"breadcrumb\":{\"@id\":\"https:\/\/www.ecinews.fr\/fr\/stmicro-en-croissance-de-18-au-t3-2018\/#breadcrumb\"},\"inLanguage\":\"fr-FR\",\"potentialAction\":[{\"@type\":\"ReadAction\",\"target\":[\"https:\/\/www.ecinews.fr\/fr\/stmicro-en-croissance-de-18-au-t3-2018\/\"]}]},{\"@type\":\"BreadcrumbList\",\"@id\":\"https:\/\/www.ecinews.fr\/fr\/stmicro-en-croissance-de-18-au-t3-2018\/#breadcrumb\",\"itemListElement\":[{\"@type\":\"ListItem\",\"position\":1,\"name\":\"Home\",\"item\":\"https:\/\/www.ecinews.fr\/fr\/\"},{\"@type\":\"ListItem\",\"position\":2,\"name\":\"STMicro en croissance de 18% au T3 \/ 2018\"}]},{\"@type\":\"WebSite\",\"@id\":\"https:\/\/www.eenewseurope.com\/en\/#website\",\"url\":\"https:\/\/www.eenewseurope.com\/en\/\",\"name\":\"EENewsEurope\",\"description\":\"Just another WordPress site\",\"publisher\":{\"@id\":\"https:\/\/www.eenewseurope.com\/en\/#organization\"},\"potentialAction\":[{\"@type\":\"SearchAction\",\"target\":{\"@type\":\"EntryPoint\",\"urlTemplate\":\"https:\/\/www.eenewseurope.com\/en\/?s={search_term_string}\"},\"query-input\":\"required name=search_term_string\"}],\"inLanguage\":\"fr-FR\"},{\"@type\":\"Organization\",\"@id\":\"https:\/\/www.eenewseurope.com\/en\/#organization\",\"name\":\"EENewsEurope\",\"url\":\"https:\/\/www.eenewseurope.com\/en\/\",\"logo\":{\"@type\":\"ImageObject\",\"inLanguage\":\"fr-FR\",\"@id\":\"https:\/\/www.eenewseurope.com\/en\/#\/schema\/logo\/image\/\",\"url\":\"https:\/\/www.ecinews.fr\/wp-content\/uploads\/2022\/02\/logo-1.jpg\",\"contentUrl\":\"https:\/\/www.ecinews.fr\/wp-content\/uploads\/2022\/02\/logo-1.jpg\",\"width\":283,\"height\":113,\"caption\":\"EENewsEurope\"},\"image\":{\"@id\":\"https:\/\/www.eenewseurope.com\/en\/#\/schema\/logo\/image\/\"}},{\"@type\":\"Person\",\"@id\":\"https:\/\/www.eenewseurope.com\/en\/#\/schema\/person\/9eff4051fa9dac8230052de45e32b0f4\",\"name\":\"eeNews Europe\",\"image\":{\"@type\":\"ImageObject\",\"inLanguage\":\"fr-FR\",\"@id\":\"https:\/\/www.eenewseurope.com\/en\/#\/schema\/person\/image\/fae8f0cb15861c4ae0ed4872e2c9fc22\",\"url\":\"https:\/\/secure.gravatar.com\/avatar\/5081509054e28b04ecd976976e723ce0?s=96&d=mm&r=g\",\"contentUrl\":\"https:\/\/secure.gravatar.com\/avatar\/5081509054e28b04ecd976976e723ce0?s=96&d=mm&r=g\",\"caption\":\"eeNews Europe\"}}]}<\/script>","yoast_head_json":{"title":"STMicro en croissance de 18% au T3 \/ 2018 ...","description":"Au troisi\u00e8me trimestre 2018, STMicroelectronics NV (Gen\u00e8ve, Suisse) a vu son chiffre d\u2019affaires et de son b\u00e9n\u00e9fice augmenter avec une croissance \u00e0...","robots":{"index":"index","follow":"follow","max-snippet":"max-snippet:-1","max-image-preview":"max-image-preview:large","max-video-preview":"max-video-preview:-1"},"canonical":"https:\/\/www.ecinews.fr\/fr\/wp-json\/wp\/v2\/posts\/105294\/","og_locale":"fr_FR","og_type":"article","og_title":"STMicro en croissance de 18% au T3 \/ 2018","og_description":"Au troisi\u00e8me trimestre 2018, STMicroelectronics NV (Gen\u00e8ve, Suisse) a vu son chiffre d\u2019affaires et de son b\u00e9n\u00e9fice augmenter avec une croissance \u00e0 deux chiffres de , sous l\u2019effet principalement de la hausse des ventes de la division Analog, MEMS et capteurs (AMS) de la soci\u00e9t\u00e9.","og_url":"https:\/\/www.ecinews.fr\/fr\/wp-json\/wp\/v2\/posts\/105294\/","og_site_name":"EENewsEurope","article_published_time":"2018-10-24T13:53:01+00:00","og_image":[{"width":630,"height":360,"url":"https:\/\/www.ecinews.fr\/wp-content\/uploads\/import\/default\/files\/sites\/default\/files\/images\/analog630.jpg","type":"image\/jpeg"}],"author":"eeNews Europe","twitter_card":"summary_large_image","twitter_misc":{"Written by":"eeNews Europe","Est. reading time":"2 minutes"},"schema":{"@context":"https:\/\/schema.org","@graph":[{"@type":"Article","@id":"https:\/\/www.ecinews.fr\/fr\/stmicro-en-croissance-de-18-au-t3-2018\/#article","isPartOf":{"@id":"https:\/\/www.ecinews.fr\/fr\/stmicro-en-croissance-de-18-au-t3-2018\/"},"author":{"name":"eeNews Europe","@id":"https:\/\/www.eenewseurope.com\/en\/#\/schema\/person\/9eff4051fa9dac8230052de45e32b0f4"},"headline":"STMicro en croissance de 18% au T3 \/ 2018","datePublished":"2018-10-24T13:53:01+00:00","dateModified":"2018-10-24T13:53:01+00:00","mainEntityOfPage":{"@id":"https:\/\/www.ecinews.fr\/fr\/stmicro-en-croissance-de-18-au-t3-2018\/"},"wordCount":420,"publisher":{"@id":"https:\/\/www.eenewseurope.com\/en\/#organization"},"keywords":["Analog","ArtificialIntelligence","DevelopmentKits","Distributors","IoT","MPUs\/MCUs","Optoelectronics","PLDs\/FPGAs\/ASICs","RF transmission","Sensing \/ Conditioning","Wearables","Wireless Communications"],"articleSection":["Actualit\u00e9s \u00e9conomiques"],"inLanguage":"fr-FR"},{"@type":"WebPage","@id":"https:\/\/www.ecinews.fr\/fr\/stmicro-en-croissance-de-18-au-t3-2018\/","url":"https:\/\/www.ecinews.fr\/fr\/stmicro-en-croissance-de-18-au-t3-2018\/","name":"STMicro en croissance de 18% au T3 \/ 2018 -","isPartOf":{"@id":"https:\/\/www.eenewseurope.com\/en\/#website"},"datePublished":"2018-10-24T13:53:01+00:00","dateModified":"2018-10-24T13:53:01+00:00","breadcrumb":{"@id":"https:\/\/www.ecinews.fr\/fr\/stmicro-en-croissance-de-18-au-t3-2018\/#breadcrumb"},"inLanguage":"fr-FR","potentialAction":[{"@type":"ReadAction","target":["https:\/\/www.ecinews.fr\/fr\/stmicro-en-croissance-de-18-au-t3-2018\/"]}]},{"@type":"BreadcrumbList","@id":"https:\/\/www.ecinews.fr\/fr\/stmicro-en-croissance-de-18-au-t3-2018\/#breadcrumb","itemListElement":[{"@type":"ListItem","position":1,"name":"Home","item":"https:\/\/www.ecinews.fr\/fr\/"},{"@type":"ListItem","position":2,"name":"STMicro en croissance de 18% au T3 \/ 2018"}]},{"@type":"WebSite","@id":"https:\/\/www.eenewseurope.com\/en\/#website","url":"https:\/\/www.eenewseurope.com\/en\/","name":"EENewsEurope","description":"Just another WordPress site","publisher":{"@id":"https:\/\/www.eenewseurope.com\/en\/#organization"},"potentialAction":[{"@type":"SearchAction","target":{"@type":"EntryPoint","urlTemplate":"https:\/\/www.eenewseurope.com\/en\/?s={search_term_string}"},"query-input":"required name=search_term_string"}],"inLanguage":"fr-FR"},{"@type":"Organization","@id":"https:\/\/www.eenewseurope.com\/en\/#organization","name":"EENewsEurope","url":"https:\/\/www.eenewseurope.com\/en\/","logo":{"@type":"ImageObject","inLanguage":"fr-FR","@id":"https:\/\/www.eenewseurope.com\/en\/#\/schema\/logo\/image\/","url":"https:\/\/www.ecinews.fr\/wp-content\/uploads\/2022\/02\/logo-1.jpg","contentUrl":"https:\/\/www.ecinews.fr\/wp-content\/uploads\/2022\/02\/logo-1.jpg","width":283,"height":113,"caption":"EENewsEurope"},"image":{"@id":"https:\/\/www.eenewseurope.com\/en\/#\/schema\/logo\/image\/"}},{"@type":"Person","@id":"https:\/\/www.eenewseurope.com\/en\/#\/schema\/person\/9eff4051fa9dac8230052de45e32b0f4","name":"eeNews Europe","image":{"@type":"ImageObject","inLanguage":"fr-FR","@id":"https:\/\/www.eenewseurope.com\/en\/#\/schema\/person\/image\/fae8f0cb15861c4ae0ed4872e2c9fc22","url":"https:\/\/secure.gravatar.com\/avatar\/5081509054e28b04ecd976976e723ce0?s=96&d=mm&r=g","contentUrl":"https:\/\/secure.gravatar.com\/avatar\/5081509054e28b04ecd976976e723ce0?s=96&d=mm&r=g","caption":"eeNews Europe"}}]}},"authors":[{"term_id":1149,"user_id":22,"is_guest":0,"slug":"eenews-europe","display_name":"eeNews Europe","avatar_url":"https:\/\/secure.gravatar.com\/avatar\/5081509054e28b04ecd976976e723ce0?s=96&d=mm&r=g","0":null,"1":"","2":"","3":"","4":"","5":"","6":"","7":"","8":""}],"_links":{"self":[{"href":"https:\/\/www.ecinews.fr\/fr\/wp-json\/wp\/v2\/posts\/105294"}],"collection":[{"href":"https:\/\/www.ecinews.fr\/fr\/wp-json\/wp\/v2\/posts"}],"about":[{"href":"https:\/\/www.ecinews.fr\/fr\/wp-json\/wp\/v2\/types\/post"}],"author":[{"embeddable":true,"href":"https:\/\/www.ecinews.fr\/fr\/wp-json\/wp\/v2\/users\/22"}],"replies":[{"embeddable":true,"href":"https:\/\/www.ecinews.fr\/fr\/wp-json\/wp\/v2\/comments?post=105294"}],"version-history":[{"count":0,"href":"https:\/\/www.ecinews.fr\/fr\/wp-json\/wp\/v2\/posts\/105294\/revisions"}],"wp:featuredmedia":[{"embeddable":true,"href":"https:\/\/www.ecinews.fr\/fr\/wp-json\/wp\/v2\/media\/105295"}],"wp:attachment":[{"href":"https:\/\/www.ecinews.fr\/fr\/wp-json\/wp\/v2\/media?parent=105294"}],"wp:term":[{"taxonomy":"category","embeddable":true,"href":"https:\/\/www.ecinews.fr\/fr\/wp-json\/wp\/v2\/categories?post=105294"},{"taxonomy":"post_tag","embeddable":true,"href":"https:\/\/www.ecinews.fr\/fr\/wp-json\/wp\/v2\/tags?post=105294"},{"taxonomy":"domains","embeddable":true,"href":"https:\/\/www.ecinews.fr\/fr\/wp-json\/wp\/v2\/domains?post=105294"},{"taxonomy":"author","embeddable":true,"href":"https:\/\/www.ecinews.fr\/fr\/wp-json\/wp\/v2\/ppma_author?post=105294"}],"curies":[{"name":"wp","href":"https:\/\/api.w.org\/{rel}","templated":true}]}}