{"id":102724,"date":"2018-11-19T15:41:38","date_gmt":"2018-11-19T15:41:38","guid":{"rendered":"https:\/\/\/electronica-interview-du-ceo-de-stmicro-sur-lautomobile-lai-et-la-chine\/"},"modified":"2018-11-19T15:41:38","modified_gmt":"2018-11-19T15:41:38","slug":"electronica-interview-du-ceo-de-stmicro-sur-lautomobile-lai-et-la-chine","status":"publish","type":"post","link":"https:\/\/www.ecinews.fr\/fr\/electronica-interview-du-ceo-de-stmicro-sur-lautomobile-lai-et-la-chine\/","title":{"rendered":"electronica: Interview du CEO de STMicro sur l&rsquo;automobile, l&rsquo;AI et la Chine"},"content":{"rendered":"<p><span id=\"result_box\" lang=\"fr\"><span title=\"However, artificial intelligence (AI) is an evolutionary rather than a revolutionary trend, Chery said.\">Cependant, l&rsquo;intelligence artificielle (IA) est une tendance \u00e9volutive plut\u00f4t que r\u00e9volutionnaire, a d\u00e9clar\u00e9 Chery. <\/span><span title=\"ST will address AI and machine learning as options within its microcontroller-based digital strategy, he said in a telephone interview conducted with eeNews Europe from the electronica exhibition in Munich, Germany.\n\n\">ST va consid\u00e9rer l&rsquo;IA et l&rsquo;apprentissage automatique comme des options int\u00e9gr\u00e9es dans sa strat\u00e9gie num\u00e9rique \u00e0 base de microcontr\u00f4leurs, a-t-il d\u00e9clar\u00e9 dans un entretien t\u00e9l\u00e9phonique avec eeNews Europe \u00e0 l&rsquo;occasion du salon electronica 2018 \u00e0 Munich, en Allemagne.<\/span><\/span><\/p>\n<p><span id=\"result_box\" lang=\"fr\"><span title=\"Talking of strategy, one the first tasks Chery gave himself on taking over as CEO of ST in the summer of 2018 was to conduct a strategic review of the company.\">Parlant de strat\u00e9gie, l&rsquo;une des premi\u00e8res t\u00e2ches que Chery s&rsquo;est assign\u00e9e lors de sa prise de fonction en tant que PDG de ST \u00e0 l&rsquo;\u00e9t\u00e9 2018 a \u00e9t\u00e9 de mener un examen strat\u00e9gique de la soci\u00e9t\u00e9. <\/span><span title=\"&quot;The strategic review is almost complete, subject to a final review with the supervisory board some time before the end of the fourth quarter,&quot; said Chery.\">\u00ab\u00a0L&rsquo;examen strat\u00e9gique est presque termin\u00e9, sous r\u00e9serve d&rsquo;un examen final avec le conseil de surveillance quelque temps avant la fin du quatri\u00e8me trimestre\u00a0\u00bb, a d\u00e9clar\u00e9 Chery. <\/span><span title=\"He added that he would start to communicate the findings of the review in the full-year results in January 2019, and then on multiple occasions up to the Capital Markets day, which is usually held in May.\n\n\">Il a ajout\u00e9 qu&rsquo;il commencerait \u00e0 en communiquer les r\u00e9sultats lors de la pr\u00e9sentation des r\u00e9sultats annuels en janvier 2019, puis \u00e0 plusieurs reprises jusqu&rsquo;\u00e0 la journ\u00e9e des march\u00e9s financiers, g\u00e9n\u00e9ralement organis\u00e9e en mai.<\/span><\/span><\/p>\n<p><span id=\"result_box\" lang=\"fr\"><span title=\"&quot;As CEO I must be careful not to crystallize too much around a single event. The markets are emotional. There are minor adjustments to be made and they will be disclosed over time. The shareholders did not appoint me as CEO to change everything. If\">\u00ab\u00a0En tant que PDG, je dois faire attention \u00e0 ne pas trop cristalliser autour d&rsquo;un seul \u00e9v\u00e9nement. Les march\u00e9s sont \u00e9motionnels. Il y a des ajustements mineurs qui doivent \u00eatre r\u00e9alis\u00e9s et ils seront divulgu\u00e9s au fil du temps. Les actionnaires ne m&rsquo;ont pas nomm\u00e9 PDG pour tout changer. <\/span><span title=\"they had wanted that they would not have appointed an insider like me. We will continue to focus on the megatrends; industrial, automotive, smartphone and communications,&quot; Chery said.\n\n\">S&rsquo;ils l&rsquo;avaient souhait\u00e9 ils n&rsquo;auraient pas&nbsp; nomm\u00e9 quelqu&rsquo;un de la maison comme moi. Nous continuerons \u00e0 nous concentrer sur les grandes tendances: industrie, automobile, smartphone et communications \u00ab\u00a0, a d\u00e9clar\u00e9 Chery.<\/span><\/span><\/p>\n<p><span id=\"result_box\" lang=\"fr\"><span title=\"With regard to the automotive sector Chery said: &quot;Electronica is amazing but clearly there are challenges ahead for the automotive sector, including German companies. This is because of Californian company successes. The electrification of the automobile is a major disruption of the industry affecting tier\">En ce qui concerne le secteur automobile, M. Chery a d\u00e9clar\u00e9: \u00ab\u00a0Electronica est incroyable, mais le secteur automobile, y compris les entreprises allemandes, doit faire face \u00e0 des d\u00e9fis. Cela tient au succ\u00e8s des entreprises californiennes. L&rsquo;\u00e9lectrification de l&rsquo;automobile est une \u00e9volution majeure du secteur <\/span><span title=\"ones, car makers.&quot;\">les constructeurs automobiles. \u00a0\u00bb <\/span><span title=\"It is also notable that Chinese car makers and the Chinese market continue to grow in significance.\">Il convient \u00e9galement de noter que les constructeurs automobiles chinois et le march\u00e9 chinois deviennent de lus en plus importants.<\/span><\/span><\/p>\n<p><em><strong>A suivre: Une nouvelle dynamique<\/strong><\/em><\/p>\n<hr \/>\n<p><span id=\"result_box\" lang=\"fr\"><span title=\"Chery added that there are dynamics present that were not there six months ago.\">Chery a ajout\u00e9 qu&rsquo;il y avait des dynamiques pr\u00e9sentes qui n&rsquo;existaient pas il y a six mois. <\/span><span title=\"&quot;The electric car is a megatrend and it equalizes the barrier to entry. This is accelerating and transformational and we have to deal with it.&quot;\n\n\">\u00ab\u00a0La voiture \u00e9lectrique est une m\u00e9gatendance et elle \u00e9galise la barri\u00e8re \u00e0 l&rsquo;entr\u00e9e. Cela acc\u00e9l\u00e8re les changements dans la technologie et nous devons y faire face.\u00a0\u00bb<\/span><\/span><\/p>\n<p>&nbsp;<\/p>\n<p>\n<span id=\"result_box\" lang=\"fr\"><strong><span title=\"And what about artificial intelligence (AI) which seems to be the hot topic right now?\n\n\">Et qu&rsquo;en est-il de l&rsquo;intelligence artificielle (IA), qui semble \u00eatre le sujet br\u00fblant \u00e0 l&rsquo;heure actuelle?<\/span><\/strong><\/span><br \/>\n<span id=\"result_box\" lang=\"fr\"><span title=\"Chery acknowledged that AI has proved transformational in the datacentre and is now moving to consumer equipment and edge devices where it will also have an impact;\">Chery a reconnu que l&rsquo;intelligence artificielle avait fait ses preuves dans les centres de donn\u00e9es et qu&rsquo;elle passait maintenant aux \u00e9quipements grand public et aux p\u00e9riph\u00e9riques de IoT o\u00f9 elle aura \u00e9galement un impact. <\/span><span title=\"but he declined to use the word revolutionary.\">mais il a refus\u00e9 d&rsquo;utiliser le mot r\u00e9volutionnaire. <\/span><span title=\"&quot;AI-at-the-edge is an incremental improvement that will boost the digitalization of IoT,&quot; said Chery.\n\n\">\u00ab\u00a0L&rsquo;intelligence artificielle \u00e0 l&rsquo;interface\/capteurs est une am\u00e9lioration progressive qui stimulera la num\u00e9risation de l&rsquo;IoT\u00a0\u00bb, a d\u00e9clar\u00e9 Chery.<\/span><\/span><\/p>\n<p>&nbsp;<\/p>\n<p><span id=\"result_box\" lang=\"fr\"><span title=\"He said ST's strategy will be to address it through the company's STM32 microcontroller family.\">Il a d\u00e9clar\u00e9 que la strat\u00e9gie de ST consistera \u00e0 int\u00e9grer l&rsquo;IA par l\u2019interm\u00e9diaire de la famille de microcontr\u00f4leurs STM32 de la soci\u00e9t\u00e9. <\/span><span title=\"Initially by providing easy-to-use tools that will allow the creation and training of neural networks in software and subsequently to provide options to boost performance of those networks through optional DSP-like hardware accelerator cores on the microcontroller chips.\n\n\">Initialement, en fournissant des outils faciles \u00e0 utiliser qui permettront la cr\u00e9ation et la formation aux r\u00e9seaux de neurones par logiciels, puis \u00e0 ajouter des options permettant d\u2019am\u00e9liorer les performances de ces r\u00e9seaux par l\u2019interm\u00e9diaire de c\u0153urs d\u2019acc\u00e9l\u00e9rateurs mat\u00e9riels de type DSP en option sur les puces du microcontr\u00f4leur.<\/span><\/span><br \/>\n<span id=\"result_box\" lang=\"fr\"><span title=\"What ST does not plan to do is what a lot of startups have done;\">Ce que ST ne fera pas, c\u2019est ce que beaucoup de startups ont fait; <\/span><span title=\"try and create the definitive neural processor as a full ASIC or application processor, Chery said.\n\n\">essayez de cr\u00e9er le processeur neuronal d\u00e9finitif en tant que processeur d&rsquo;application complet ou ASIC, a d\u00e9clar\u00e9 Chery.<\/span><\/p>\n<p><span title=\"He said that ST has AI experience from working on the fourth, fifth, and sixth generations of Mobileye ICs with AI embedded within them.\">Il a d\u00e9clar\u00e9 que ST avait acquis de l&rsquo;exp\u00e9rience en mati\u00e8re d&rsquo;intelligence artificielle en travaillant sur les quatri\u00e8me, cinqui\u00e8me et sixi\u00e8me g\u00e9n\u00e9rations de CI de Mobileye int\u00e9grant une intelligence artificielle. <\/span><span title=\"While it represents a way of tackling otherwise hard-to-solve tasks it also raises a lot of questions about safety and where liability lies.\n\n\">Bien que cela repr\u00e9sente un moyen de s\u2019attaquer \u00e0 des t\u00e2ches difficiles \u00e0 r\u00e9soudre, il soul\u00e8ve \u00e9galement de nombreuses questions sur la s\u00e9curit\u00e9 et la responsabilit\u00e9.<\/span><\/span><\/p>\n<p><span id=\"result_box\" lang=\"fr\"><span title=\"&quot;I don't want to be engaged in a very application-specific processor again,&quot; he said, in an apparent reference back to the ST-Ericsson smartphone processor project that lasted from 2009 to 2013 and was the cause of years of financial losses\">\u00ab\u00a0Je ne veux plus \u00eatre engag\u00e9 dans un processeur tr\u00e8s sp\u00e9cifique \u00e0 une application\u00a0\u00bb, a-t-il d\u00e9clar\u00e9, faisant apparemment r\u00e9f\u00e9rence au projet de processeur de smartphone ST-Ericsson, qui a dur\u00e9 de 2009 \u00e0 2013 et a \u00e9t\u00e9 la cause d&rsquo;ann\u00e9es de pertes financi\u00e8res pour<\/span><span title=\"at ST.\"> ST.<\/span><\/span><\/p>\n<p><em><strong>A suivre: In-house PCM pais pas la MRAM<\/strong><\/em><\/p>\n<hr \/>\n<p><span id=\"result_box\" lang=\"fr\"><span title=\"Over the last 18 months one of ST's differentiating technologies has been the decision to go with phase-change memory (PCM) as an embedded memory option for automotive microcontrollers on its 28nm FDSOI process (see ST samples MCU with embedded phase-change memory).\n\n\">Au cours des 18 derniers mois, l\u2019une des technologies de diff\u00e9renciation de ST a \u00e9t\u00e9 la d\u00e9cision d\u2019utiliser la m\u00e9moire \u00e0 changement de phase (PCM) en tant qu\u2019option de m\u00e9moire int\u00e9gr\u00e9e pour les microcontr\u00f4leurs automobiles sur son processus FDSOI \u00e0 28 nm (<a href=\"http:\/\/www.eenewsanalog.com\/news\/st-samples-mcu-embedded-phase-change-memory\">voir <\/a>MCU d\u2019exemples ST avec m\u00e9moire \u00e0 changement de phase int\u00e9gr\u00e9e).<\/span><\/span><br \/>\n<span id=\"result_box\" lang=\"fr\"><span title=\"&quot;We are totally steady on that. There is a demonstrator car with MCU and PCM. We are working a lot on the mission profile for the chip, the chip materials. It is much more than promising and we are naturally looking to extend this to\">\u00ab\u00a0Nous sommes totalement d\u00e9termin\u00e9s sur ce point. Il existe une voiture de d\u00e9monstration avec MCU et PCM. Nous travaillons beaucoup sur le profil de mission de la puce, les mat\u00e9riaux de la puce. C\u2019est beaucoup plus que \u00ab\u00a0prometteur\u00a0\u00bb et nous cherchons naturellement \u00e0 l\u2019\u00e9tendre \u00e0 des <\/span><span title=\"secure microcontrollers and general-purpose MCU, particularly where we require AI and lots of memory.&quot;\n\n\">microcontr\u00f4leurs s\u00e9curis\u00e9s et aux MCUs \u00e0 usage g\u00e9n\u00e9ral, en particulier lorsque nous avons besoin d\u2019IA et de beaucoup de m\u00e9moire. \u00ab\u00a0<\/span><\/span><\/p>\n<p><span id=\"result_box\" lang=\"fr\"><span title=\"However, ST is not looking to research magnetic RAM, which is a popular alternative for embedded memory at advanced silicon manufacturing nodes (see IEDM: Intel embeds MRAM in FinFET process, ARM backs embedded MRAM on Samsung's FDSOI process, Globalfoundries offers embedded MRAM on 22nm\">Toutefois, ST ne cherche pas \u00e0 faire des recherches sur la RAM magn\u00e9tique, qui constitue une alternative populaire pour la m\u00e9moire int\u00e9gr\u00e9e aux g\u00e9om\u00e9trie de fabrication avanc\u00e9es (voir <a href=\"http:\/\/www.eenewsanalog.com\/news\/iedm-intel-embeds-mram-finfet-process\">IEDM: Intel int\u00e8gre la MRAM dans le processus FinFET<\/a>, <a href=\"http:\/\/www.eenewsanalog.com\/news\/arm-backs-embedded-mram-samsungs-fdsoi-process\">ARM int\u00e8gre la MRAM int\u00e9gr\u00e9e dans le processus FDSOI de Samsung<\/a>. <a href=\"http:\/\/www.eenewsanalog.com\/news\/globalfoundries-offers-embedded-mram-22nm-fdsoi\">Globalfoundries propose la MRAM int\u00e9gr\u00e9e \u00e0 22 nm. <\/a><\/span><span title=\"FDSOI).\n\n\"><a href=\"http:\/\/www.eenewsanalog.com\/news\/globalfoundries-offers-embedded-mram-22nm-fdsoi\">FDSOI)<\/a>.<\/span><\/span><\/p>\n<p><span id=\"result_box\" lang=\"fr\"><span title=\"Chery said that when ST develops technology it does so for reasons of differentiation and competitive advantage.\">Chery a d\u00e9clar\u00e9 que lorsque ST d\u00e9veloppait une technologie, il le faisait pour des raisons de diff\u00e9renciation et d&rsquo;avantage concurrentiel. <\/span><span title=\"If ST wants to use MRAM it can get this technology from multiple foundries, Chery said.\">Si ST veut utiliser la MRAM, nous pouvons obtenir cette technologie aupr\u00e8s de plusieurs fonderies, a d\u00e9clar\u00e9 Chery. <\/span><span title=\"&quot;But we don't want to rely totally on foundry for our MCU business. It would be crazy to follow a me-too strategy. If we want to use MRAM we can do it through foundry. But PCM helps us address the automotive industry\">\u00ab\u00a0Mais nous ne voulons pas d\u00e9pendre enti\u00e8rement des fonderies pour notre activit\u00e9 MCU. Il serait insens\u00e9 pour nous de suivre une telle strat\u00e9gie. Comme indiqu\u00e9 plus haut, si nous voulons utiliser la MRAM, nous pouvons le faire par le biais de la fonderie tandis que la PCM nous aide \u00e0 nous attaquer \u00e0 l&rsquo;industrie automobile <\/span><span title=\"and secure microcontrollers.&quot;\n\n\">et s\u00e9curiser les microcontr\u00f4leurs. \u00ab\u00a0<\/span><\/span><\/p>\n<p><span id=\"result_box\" lang=\"fr\"><span title=\"However, Chery is no doubt also aware that more advanced versions of MRAM under development around the semiconductor industry may yet have an impact on processor architectures by allowing an almost instant pause-and-resume functionality (see ARM, Applied, seek to replace SRAM with\">Toutefois, Chery n\u2019en est sans doute pas moins conscient que des versions plus avanc\u00e9es de MRAM en cours de d\u00e9veloppement dans l\u2019industrie des semi-conducteurs pourraient avoir un impact sur les architectures de processeurs en autorisant une fonctionnalit\u00e9 de pause et de reprise presque instantan\u00e9e (voir ARM, Applied, cherchent \u00e0 remplacer la SRAM par <\/span><span title=\"MRAM).\n\n\">MRAM).<\/span><\/span><\/p>\n<p><span id=\"result_box\" lang=\"fr\"><span title=\"Time is always short at electronica so we were allowed one more question: Is China a good region to engage with today?\n\n\">Le temps presse toujours \u00e0 electronica, et nous n&rsquo;avons donc eu droit qu&rsquo;\u00e0 une seule autre question: la Chine est-elle une bonne r\u00e9gion avec laquelle dialoguer aujourd&rsquo;hui?<\/span><\/span><br \/>\n<span id=\"result_box\" lang=\"fr\"><span title=\"&quot;Not especially today; but generally, yes. ST's is focused on automotive, industrial, communications infrastructure and China is very pleased to use ST's technology. We use our distribution channel and encourage investment in field application engineers in Shenzhen, Shanghai, Chengdu, all\">\u00ab\u00a0Pas particuli\u00e8rement aujourd&rsquo;hui, mais en g\u00e9n\u00e9ral, oui. ST est sp\u00e9cialis\u00e9 dans l&rsquo; automobile, l&rsquo;industrie et les infrastructures <\/span><\/span><span lang=\"fr\"><span title=\"&quot;Not especially today; but generally, yes. ST's is focused on automotive, industrial, communications infrastructure and China is very pleased to use ST's technology. We use our distribution channel and encourage investment in field application engineers in Shenzhen, Shanghai, Chengdu, all\">de communication et la Chine est tr\u00e8s heureuse d&rsquo;utiliser la technologie de ST. Nous utilisons nos canaux de distribution et encourageons les investissements dans les ing\u00e9nieurs d&rsquo;application sur le terrain \u00e0 Shenzhen, Shanghai, Chengdu, etc. <\/span><span title=\"over,&quot; Chery said.\">fini, \u00ab\u00a0dit Chery. <\/span><span title=\"&quot;And we want to leverage the big OEMs in China.&quot;\">\u00ab\u00a0Et nous voulons nous appuyer sur les grands \u00e9quipementiers en Chine.\u00a0\u00bb <\/span><span title=\"Chery said ST does not want to see tariffs as the result of any US-China trade war and added: &quot;We expect things will be harmonized at some point,&quot; he said.\n\n\">Chery a d\u00e9clar\u00e9 que ST ne voulait pas que les droits de douane r\u00e9sultent d&rsquo;une guerre commerciale am\u00e9ricano-chinoise et a ajout\u00e9: \u00ab\u00a0Nous esp\u00e9rons que les choses seront harmonis\u00e9es \u00e0 un moment donn\u00e9\u00a0\u00bb, a-t-il d\u00e9clar\u00e9.<\/span><\/span><\/p>\n<p><span id=\"result_box\" lang=\"fr\"><span title=\"&quot;We have some of the best technologies including 28nm FDSOI, excellent microcontrollers and with PCM coming. I am sure the Chinese will be pleased to adopt them,&quot; concluded Chery.\">\u00ab\u00a0Nous disposons de certaines des meilleures technologies, notamment le FDSOI 28 nm, d&rsquo;excellents microcontr\u00f4leurs qui vont ben\u00e9ficier du PCM. Je suis s\u00fbr que les Chinois seront ravis de les adopter\u00a0\u00bb, a conclu Chery.<\/span><\/span><\/p>\n<p><strong>\u00e0 lire \u00e9galement:<\/strong><\/p>\n<p><a href=\"http:\/\/www.electronique-eci.com\/news\/stmicro-augmente-ses-parts-de-marche-dans-les-capteurs-dimage\"><strong>STMicro augmente ses parts de march\u00e9 dans les capteurs d&rsquo;image<\/strong><\/a><\/p>\n<p><a href=\"http:\/\/www.electronique-eci.com\/news\/chery-ceo-de-st-plein-dambitions-pour-leurope\"><strong>Chery, CEO de ST plein d&rsquo;ambitions pour l&rsquo;Europe<\/strong><\/a><\/p>\n<p><a href=\"http:\/\/www.electronique-eci.com\/news\/le-conseil-de-bozotti-chery-arriver-vite-12-milliards\">Le conseil de Bozotti \u00e0 Chery: arriver vite \u00e0 $12 milliards!<\/a><\/p>\n<p><a href=\"http:\/\/www.electronique-eci.com\/news\/stmicro-en-pleine-forme\">STMicro en pleine forme<\/a><\/p>\n<p><strong>Related links and articles in English: <\/strong><\/p>\n<p><a href=\"http:\/\/www.st.com\">www.st.com<\/a><\/p>\n<p><strong>News articles:<\/strong><\/p>\n<p><a href=\"http:\/\/www.eenewsanalog.com\/news\/st-samples-mcu-embedded-phase-change-memory\">ST samples MCU with embedded phase-change memory <\/a><\/p>\n<p><a href=\"http:\/\/www.eenewsanalog.com\/news\/iedm-intel-embeds-mram-finfet-process\">IEDM: Intel embeds MRAM in FinFET process<\/a><\/p>\n<p><a href=\"http:\/\/www.eenewsanalog.com\/news\/arm-backs-embedded-mram-samsungs-fdsoi-process\">ARM backs embedded MRAM on Samsung&rsquo;s FDSOI process<\/a><\/p>\n<p><a href=\"http:\/\/www.eenewsanalog.com\/news\/globalfoundries-offers-embedded-mram-22nm-fdsoi\">Globalfoundries offers embedded MRAM on 22nm FDSOI<\/a><\/p>\n<p><a href=\"http:\/\/www.eenewsanalog.com\/news\/arm-applied-seek-replace-sram-mram\">ARM, Applied, seek to replace SRAM with MRAM<\/a><\/p>\n<p><a href=\"http:\/\/www.eenewsanalog.com\/news\/mram-revolution-could-trigger-new-arm-architecture\">MRAM revolution could trigger new ARM architecture<\/a><\/p>\n","protected":false},"excerpt":{"rendered":"<p>Selon Jean-Marc Chery, PDG de STMicroelectronics, l\u2019utilisation de l&rsquo;\u00e9lectronique embarqu\u00e9e \u00e9volue rapidement. L&rsquo;\u00e9lectrification de l&rsquo;automobile \u00e9volue si rapidement que les grands constructeurs automobiles ont \u00e9t\u00e9 rendus nerveux par l&rsquo;agilit\u00e9 de concurrents plus petits et plus jeunes.<\/p>\n","protected":false},"author":22,"featured_media":102725,"comment_status":"closed","ping_status":"closed","sticky":false,"template":"","format":"standard","meta":{"_acf_changed":false,"footnotes":""},"categories":[],"tags":[889,920,893,891,894,912,895,896,898,900,919,913,904,905,906,907,908,890,916,910,917,911,914,915],"domains":[47],"ppma_author":[1149],"class_list":["post-102724","post","type-post","status-publish","format-standard","has-post-thumbnail","hentry","tag-analog-fr","tag-artificialintelligence-fr","tag-authentication-encryption-fr","tag-automotive-fr","tag-boards-embedded-cards-fr","tag-dataacquisition-fr","tag-developmentkits-fr","tag-digitalsignalprocessing-fr","tag-distributors-fr","tag-electromechanical-fr","tag-iot-fr","tag-materials-processes-fr","tag-medicalelectronics-fr","tag-memory-data-storage-fr","tag-mpus-mcus-fr","tag-optoelectronics-fr","tag-plds-fpgas-asics-fr","tag-powermanagement-fr","tag-rf-transmission-fr","tag-sensing-conditioning-fr","tag-software-embedded-tools-fr","tag-testandmeasurement-fr","tag-wearables-fr","tag-wireless-communications-fr","domains-electronique-eci"],"acf":[],"yoast_head":"<title>electronica: Interview du CEO de STMicro sur l&#039;automobile, l&#039;AI...<\/title>\n<meta name=\"description\" content=\"Selon Jean-Marc Chery, PDG de STMicroelectronics, l\u2019utilisation de l&#039;\u00e9lectronique embarqu\u00e9e \u00e9volue rapidement. L&#039;\u00e9lectrification de l&#039;automobile...\" \/>\n<meta name=\"robots\" content=\"index, follow, max-snippet:-1, max-image-preview:large, max-video-preview:-1\" \/>\n<link rel=\"canonical\" href=\"https:\/\/www.ecinews.fr\/fr\/wp-json\/wp\/v2\/posts\/102724\/\" \/>\n<meta property=\"og:locale\" content=\"fr_FR\" \/>\n<meta property=\"og:type\" content=\"article\" \/>\n<meta property=\"og:title\" content=\"electronica: Interview du CEO de STMicro sur l&#039;automobile, l&#039;AI et la Chine\" \/>\n<meta property=\"og:description\" content=\"Selon Jean-Marc Chery, PDG de STMicroelectronics, l\u2019utilisation de l&#039;\u00e9lectronique embarqu\u00e9e \u00e9volue rapidement. L&#039;\u00e9lectrification de l&#039;automobile \u00e9volue si rapidement que les grands constructeurs automobiles ont \u00e9t\u00e9 rendus nerveux par l&#039;agilit\u00e9 de concurrents plus petits et plus jeunes.\" \/>\n<meta property=\"og:url\" content=\"https:\/\/www.ecinews.fr\/fr\/wp-json\/wp\/v2\/posts\/102724\/\" \/>\n<meta property=\"og:site_name\" content=\"EENewsEurope\" \/>\n<meta property=\"article:published_time\" content=\"2018-11-19T15:41:38+00:00\" \/>\n<meta property=\"og:image\" content=\"https:\/\/www.ecinews.fr\/wp-content\/uploads\/import\/default\/files\/sites\/default\/files\/images\/jeanmarcchery630.jpg\" \/>\n\t<meta property=\"og:image:width\" content=\"630\" \/>\n\t<meta property=\"og:image:height\" content=\"473\" \/>\n\t<meta property=\"og:image:type\" content=\"image\/jpeg\" \/>\n<meta name=\"author\" content=\"eeNews Europe\" \/>\n<meta name=\"twitter:card\" content=\"summary_large_image\" \/>\n<meta name=\"twitter:label1\" content=\"Written by\" \/>\n\t<meta name=\"twitter:data1\" content=\"eeNews Europe\" \/>\n\t<meta name=\"twitter:label2\" content=\"Est. reading time\" \/>\n\t<meta name=\"twitter:data2\" content=\"7 minutes\" \/>\n<script type=\"application\/ld+json\" class=\"yoast-schema-graph\">{\"@context\":\"https:\/\/schema.org\",\"@graph\":[{\"@type\":\"Article\",\"@id\":\"https:\/\/www.ecinews.fr\/fr\/electronica-interview-du-ceo-de-stmicro-sur-lautomobile-lai-et-la-chine\/#article\",\"isPartOf\":{\"@id\":\"https:\/\/www.ecinews.fr\/fr\/electronica-interview-du-ceo-de-stmicro-sur-lautomobile-lai-et-la-chine\/\"},\"author\":{\"name\":\"eeNews Europe\",\"@id\":\"https:\/\/www.eenewseurope.com\/en\/#\/schema\/person\/9eff4051fa9dac8230052de45e32b0f4\"},\"headline\":\"electronica: Interview du CEO de STMicro sur l&rsquo;automobile, l&rsquo;AI et la Chine\",\"datePublished\":\"2018-11-19T15:41:38+00:00\",\"dateModified\":\"2018-11-19T15:41:38+00:00\",\"mainEntityOfPage\":{\"@id\":\"https:\/\/www.ecinews.fr\/fr\/electronica-interview-du-ceo-de-stmicro-sur-lautomobile-lai-et-la-chine\/\"},\"wordCount\":1399,\"publisher\":{\"@id\":\"https:\/\/www.eenewseurope.com\/en\/#organization\"},\"keywords\":[\"Analog\",\"ArtificialIntelligence\",\"Authentication &amp; Encryption\",\"Automotive\",\"Boards &amp; Embedded Cards\",\"DataAcquisition\",\"DevelopmentKits\",\"DigitalSignalProcessing\",\"Distributors\",\"Electromechanical\",\"IoT\",\"Materials &amp; processes\",\"MedicalElectronics\",\"Memory &amp; Data Storage\",\"MPUs\/MCUs\",\"Optoelectronics\",\"PLDs\/FPGAs\/ASICs\",\"PowerManagement\",\"RF transmission\",\"Sensing \/ Conditioning\",\"Software &amp; Embedded tools\",\"TestandMeasurement\",\"Wearables\",\"Wireless Communications\"],\"inLanguage\":\"fr-FR\"},{\"@type\":\"WebPage\",\"@id\":\"https:\/\/www.ecinews.fr\/fr\/electronica-interview-du-ceo-de-stmicro-sur-lautomobile-lai-et-la-chine\/\",\"url\":\"https:\/\/www.ecinews.fr\/fr\/electronica-interview-du-ceo-de-stmicro-sur-lautomobile-lai-et-la-chine\/\",\"name\":\"electronica: Interview du CEO de STMicro sur l'automobile, l'AI et la Chine -\",\"isPartOf\":{\"@id\":\"https:\/\/www.eenewseurope.com\/en\/#website\"},\"datePublished\":\"2018-11-19T15:41:38+00:00\",\"dateModified\":\"2018-11-19T15:41:38+00:00\",\"breadcrumb\":{\"@id\":\"https:\/\/www.ecinews.fr\/fr\/electronica-interview-du-ceo-de-stmicro-sur-lautomobile-lai-et-la-chine\/#breadcrumb\"},\"inLanguage\":\"fr-FR\",\"potentialAction\":[{\"@type\":\"ReadAction\",\"target\":[\"https:\/\/www.ecinews.fr\/fr\/electronica-interview-du-ceo-de-stmicro-sur-lautomobile-lai-et-la-chine\/\"]}]},{\"@type\":\"BreadcrumbList\",\"@id\":\"https:\/\/www.ecinews.fr\/fr\/electronica-interview-du-ceo-de-stmicro-sur-lautomobile-lai-et-la-chine\/#breadcrumb\",\"itemListElement\":[{\"@type\":\"ListItem\",\"position\":1,\"name\":\"Home\",\"item\":\"https:\/\/www.ecinews.fr\/fr\/\"},{\"@type\":\"ListItem\",\"position\":2,\"name\":\"electronica: Interview du CEO de STMicro sur l&rsquo;automobile, l&rsquo;AI et la Chine\"}]},{\"@type\":\"WebSite\",\"@id\":\"https:\/\/www.eenewseurope.com\/en\/#website\",\"url\":\"https:\/\/www.eenewseurope.com\/en\/\",\"name\":\"EENewsEurope\",\"description\":\"Just another WordPress site\",\"publisher\":{\"@id\":\"https:\/\/www.eenewseurope.com\/en\/#organization\"},\"potentialAction\":[{\"@type\":\"SearchAction\",\"target\":{\"@type\":\"EntryPoint\",\"urlTemplate\":\"https:\/\/www.eenewseurope.com\/en\/?s={search_term_string}\"},\"query-input\":\"required name=search_term_string\"}],\"inLanguage\":\"fr-FR\"},{\"@type\":\"Organization\",\"@id\":\"https:\/\/www.eenewseurope.com\/en\/#organization\",\"name\":\"EENewsEurope\",\"url\":\"https:\/\/www.eenewseurope.com\/en\/\",\"logo\":{\"@type\":\"ImageObject\",\"inLanguage\":\"fr-FR\",\"@id\":\"https:\/\/www.eenewseurope.com\/en\/#\/schema\/logo\/image\/\",\"url\":\"https:\/\/www.ecinews.fr\/wp-content\/uploads\/2022\/02\/logo-1.jpg\",\"contentUrl\":\"https:\/\/www.ecinews.fr\/wp-content\/uploads\/2022\/02\/logo-1.jpg\",\"width\":283,\"height\":113,\"caption\":\"EENewsEurope\"},\"image\":{\"@id\":\"https:\/\/www.eenewseurope.com\/en\/#\/schema\/logo\/image\/\"}},{\"@type\":\"Person\",\"@id\":\"https:\/\/www.eenewseurope.com\/en\/#\/schema\/person\/9eff4051fa9dac8230052de45e32b0f4\",\"name\":\"eeNews Europe\",\"image\":{\"@type\":\"ImageObject\",\"inLanguage\":\"fr-FR\",\"@id\":\"https:\/\/www.eenewseurope.com\/en\/#\/schema\/person\/image\/fae8f0cb15861c4ae0ed4872e2c9fc22\",\"url\":\"https:\/\/secure.gravatar.com\/avatar\/5081509054e28b04ecd976976e723ce0?s=96&d=mm&r=g\",\"contentUrl\":\"https:\/\/secure.gravatar.com\/avatar\/5081509054e28b04ecd976976e723ce0?s=96&d=mm&r=g\",\"caption\":\"eeNews Europe\"}}]}<\/script>","yoast_head_json":{"title":"electronica: Interview du CEO de STMicro sur l'automobile, l'AI...","description":"Selon Jean-Marc Chery, PDG de STMicroelectronics, l\u2019utilisation de l'\u00e9lectronique embarqu\u00e9e \u00e9volue rapidement. L'\u00e9lectrification de l'automobile...","robots":{"index":"index","follow":"follow","max-snippet":"max-snippet:-1","max-image-preview":"max-image-preview:large","max-video-preview":"max-video-preview:-1"},"canonical":"https:\/\/www.ecinews.fr\/fr\/wp-json\/wp\/v2\/posts\/102724\/","og_locale":"fr_FR","og_type":"article","og_title":"electronica: Interview du CEO de STMicro sur l'automobile, l'AI et la Chine","og_description":"Selon Jean-Marc Chery, PDG de STMicroelectronics, l\u2019utilisation de l'\u00e9lectronique embarqu\u00e9e \u00e9volue rapidement. L'\u00e9lectrification de l'automobile \u00e9volue si rapidement que les grands constructeurs automobiles ont \u00e9t\u00e9 rendus nerveux par l'agilit\u00e9 de concurrents plus petits et plus jeunes.","og_url":"https:\/\/www.ecinews.fr\/fr\/wp-json\/wp\/v2\/posts\/102724\/","og_site_name":"EENewsEurope","article_published_time":"2018-11-19T15:41:38+00:00","og_image":[{"width":630,"height":473,"url":"https:\/\/www.ecinews.fr\/wp-content\/uploads\/import\/default\/files\/sites\/default\/files\/images\/jeanmarcchery630.jpg","type":"image\/jpeg"}],"author":"eeNews Europe","twitter_card":"summary_large_image","twitter_misc":{"Written by":"eeNews Europe","Est. reading time":"7 minutes"},"schema":{"@context":"https:\/\/schema.org","@graph":[{"@type":"Article","@id":"https:\/\/www.ecinews.fr\/fr\/electronica-interview-du-ceo-de-stmicro-sur-lautomobile-lai-et-la-chine\/#article","isPartOf":{"@id":"https:\/\/www.ecinews.fr\/fr\/electronica-interview-du-ceo-de-stmicro-sur-lautomobile-lai-et-la-chine\/"},"author":{"name":"eeNews Europe","@id":"https:\/\/www.eenewseurope.com\/en\/#\/schema\/person\/9eff4051fa9dac8230052de45e32b0f4"},"headline":"electronica: Interview du CEO de STMicro sur l&rsquo;automobile, l&rsquo;AI et la Chine","datePublished":"2018-11-19T15:41:38+00:00","dateModified":"2018-11-19T15:41:38+00:00","mainEntityOfPage":{"@id":"https:\/\/www.ecinews.fr\/fr\/electronica-interview-du-ceo-de-stmicro-sur-lautomobile-lai-et-la-chine\/"},"wordCount":1399,"publisher":{"@id":"https:\/\/www.eenewseurope.com\/en\/#organization"},"keywords":["Analog","ArtificialIntelligence","Authentication &amp; Encryption","Automotive","Boards &amp; Embedded Cards","DataAcquisition","DevelopmentKits","DigitalSignalProcessing","Distributors","Electromechanical","IoT","Materials &amp; processes","MedicalElectronics","Memory &amp; Data Storage","MPUs\/MCUs","Optoelectronics","PLDs\/FPGAs\/ASICs","PowerManagement","RF transmission","Sensing \/ Conditioning","Software &amp; Embedded tools","TestandMeasurement","Wearables","Wireless Communications"],"inLanguage":"fr-FR"},{"@type":"WebPage","@id":"https:\/\/www.ecinews.fr\/fr\/electronica-interview-du-ceo-de-stmicro-sur-lautomobile-lai-et-la-chine\/","url":"https:\/\/www.ecinews.fr\/fr\/electronica-interview-du-ceo-de-stmicro-sur-lautomobile-lai-et-la-chine\/","name":"electronica: Interview du CEO de STMicro sur l'automobile, l'AI et la Chine -","isPartOf":{"@id":"https:\/\/www.eenewseurope.com\/en\/#website"},"datePublished":"2018-11-19T15:41:38+00:00","dateModified":"2018-11-19T15:41:38+00:00","breadcrumb":{"@id":"https:\/\/www.ecinews.fr\/fr\/electronica-interview-du-ceo-de-stmicro-sur-lautomobile-lai-et-la-chine\/#breadcrumb"},"inLanguage":"fr-FR","potentialAction":[{"@type":"ReadAction","target":["https:\/\/www.ecinews.fr\/fr\/electronica-interview-du-ceo-de-stmicro-sur-lautomobile-lai-et-la-chine\/"]}]},{"@type":"BreadcrumbList","@id":"https:\/\/www.ecinews.fr\/fr\/electronica-interview-du-ceo-de-stmicro-sur-lautomobile-lai-et-la-chine\/#breadcrumb","itemListElement":[{"@type":"ListItem","position":1,"name":"Home","item":"https:\/\/www.ecinews.fr\/fr\/"},{"@type":"ListItem","position":2,"name":"electronica: Interview du CEO de STMicro sur l&rsquo;automobile, l&rsquo;AI et la Chine"}]},{"@type":"WebSite","@id":"https:\/\/www.eenewseurope.com\/en\/#website","url":"https:\/\/www.eenewseurope.com\/en\/","name":"EENewsEurope","description":"Just another WordPress site","publisher":{"@id":"https:\/\/www.eenewseurope.com\/en\/#organization"},"potentialAction":[{"@type":"SearchAction","target":{"@type":"EntryPoint","urlTemplate":"https:\/\/www.eenewseurope.com\/en\/?s={search_term_string}"},"query-input":"required name=search_term_string"}],"inLanguage":"fr-FR"},{"@type":"Organization","@id":"https:\/\/www.eenewseurope.com\/en\/#organization","name":"EENewsEurope","url":"https:\/\/www.eenewseurope.com\/en\/","logo":{"@type":"ImageObject","inLanguage":"fr-FR","@id":"https:\/\/www.eenewseurope.com\/en\/#\/schema\/logo\/image\/","url":"https:\/\/www.ecinews.fr\/wp-content\/uploads\/2022\/02\/logo-1.jpg","contentUrl":"https:\/\/www.ecinews.fr\/wp-content\/uploads\/2022\/02\/logo-1.jpg","width":283,"height":113,"caption":"EENewsEurope"},"image":{"@id":"https:\/\/www.eenewseurope.com\/en\/#\/schema\/logo\/image\/"}},{"@type":"Person","@id":"https:\/\/www.eenewseurope.com\/en\/#\/schema\/person\/9eff4051fa9dac8230052de45e32b0f4","name":"eeNews Europe","image":{"@type":"ImageObject","inLanguage":"fr-FR","@id":"https:\/\/www.eenewseurope.com\/en\/#\/schema\/person\/image\/fae8f0cb15861c4ae0ed4872e2c9fc22","url":"https:\/\/secure.gravatar.com\/avatar\/5081509054e28b04ecd976976e723ce0?s=96&d=mm&r=g","contentUrl":"https:\/\/secure.gravatar.com\/avatar\/5081509054e28b04ecd976976e723ce0?s=96&d=mm&r=g","caption":"eeNews Europe"}}]}},"authors":[{"term_id":1149,"user_id":22,"is_guest":0,"slug":"eenews-europe","display_name":"eeNews Europe","avatar_url":"https:\/\/secure.gravatar.com\/avatar\/5081509054e28b04ecd976976e723ce0?s=96&d=mm&r=g","0":null,"1":"","2":"","3":"","4":"","5":"","6":"","7":"","8":""}],"_links":{"self":[{"href":"https:\/\/www.ecinews.fr\/fr\/wp-json\/wp\/v2\/posts\/102724"}],"collection":[{"href":"https:\/\/www.ecinews.fr\/fr\/wp-json\/wp\/v2\/posts"}],"about":[{"href":"https:\/\/www.ecinews.fr\/fr\/wp-json\/wp\/v2\/types\/post"}],"author":[{"embeddable":true,"href":"https:\/\/www.ecinews.fr\/fr\/wp-json\/wp\/v2\/users\/22"}],"replies":[{"embeddable":true,"href":"https:\/\/www.ecinews.fr\/fr\/wp-json\/wp\/v2\/comments?post=102724"}],"version-history":[{"count":0,"href":"https:\/\/www.ecinews.fr\/fr\/wp-json\/wp\/v2\/posts\/102724\/revisions"}],"wp:featuredmedia":[{"embeddable":true,"href":"https:\/\/www.ecinews.fr\/fr\/wp-json\/wp\/v2\/media\/102725"}],"wp:attachment":[{"href":"https:\/\/www.ecinews.fr\/fr\/wp-json\/wp\/v2\/media?parent=102724"}],"wp:term":[{"taxonomy":"category","embeddable":true,"href":"https:\/\/www.ecinews.fr\/fr\/wp-json\/wp\/v2\/categories?post=102724"},{"taxonomy":"post_tag","embeddable":true,"href":"https:\/\/www.ecinews.fr\/fr\/wp-json\/wp\/v2\/tags?post=102724"},{"taxonomy":"domains","embeddable":true,"href":"https:\/\/www.ecinews.fr\/fr\/wp-json\/wp\/v2\/domains?post=102724"},{"taxonomy":"author","embeddable":true,"href":"https:\/\/www.ecinews.fr\/fr\/wp-json\/wp\/v2\/ppma_author?post=102724"}],"curies":[{"name":"wp","href":"https:\/\/api.w.org\/{rel}","templated":true}]}}